{"id":1064,"date":"2006-05-09T15:30:16","date_gmt":"2006-05-09T14:30:16","guid":{"rendered":"http:\/\/heijbel.wordpress.com\/2006\/05\/09\/stories-for-svenska-institutet"},"modified":"2006-05-09T15:30:16","modified_gmt":"2006-05-09T14:30:16","slug":"stories-for-svenska-institutet","status":"publish","type":"post","link":"https:\/\/storytellers.se\/?p=1064","title":{"rendered":"Stories f\u00f6r Svenska Institutet"},"content":{"rendered":"<p>I dag har jag tillbringat f\u00f6rmiddagen p\u00e5 den statliga myndigheten Svenska Institutet d\u00e4r jag tr\u00e4ffat hela personalen, inklusive Stf Generaldirekt\u00f6ren Anki Dahlin och varum\u00e4rkesansvarige Thomas Carlhed.<\/p>\n<p><!--more--><br \/>\n\u00c4mnet var f\u00f6rst\u00e5s Corporate Storytelling och d\u00e5 med fokus p\u00e5 hur man strategiskt skulle kunna anv\u00e4nda storytelling i arbetet med Sverigebilden och de v\u00e4rderingar som N\u00e4mnden f\u00f6r Sverigefr\u00e4mjande i utlandet, NSU, vill att Sverige associeras med.<br \/>\nVi \u00e4r v\u00e4ldigt skickliga p\u00e5 att beskriva Sverige i siffror, diagram och nyheter om politiska beslut. Men skulle man kunna g\u00f6ra mer f\u00f6r att p\u00e5verka ber\u00e4ttandet om Sverige med hj\u00e4lp av v\u00e4l avv\u00e4gd storytelling? Kan man exempelvis fylla v\u00e4rdeord som  \u00f6ppen och fram\u00e5tblickande med bra emotionella stories f\u00f6rpackade i en professionell dramaturgisk form?<br \/>\nSt\u00e4mningen var god och id\u00e9erna m\u00e5nga. Kanske skulle svenska beskickningar utomlands genom det globala svenska intran\u00e4tet Sweden Promotion Forum kunna f\u00e5 en repertoar med l\u00e4mpliga Sverige-stories som kan anv\u00e4ndas i det internationella arbetet. Och d\u00e5 menar vi inte bara stories om det politiska landskapet, design och Pippi.<br \/>\nVilka ber\u00e4ttelser skulle det i s\u00e5 fall vara och hur skulle de v\u00e4ljas och framf\u00f6rallt formuleras s\u00e5 de inte ramlar in i journalistik-, rapport- eller slogangenren?<br \/>\nDet \u00e4r min \u00f6vertygelse att man utan alltf\u00f6r stora kostnader skulle kunna ladda och l\u00f6pande uppdatera Sverigebilden med korta, v\u00e4l avst\u00e4mda och inte alltf\u00f6r faktanedtyngda ber\u00e4ttelser som befolkar det svenska varum\u00e4rket med verkligheten.<\/p>\n","protected":false},"excerpt":{"rendered":"<p>I dag har jag tillbringat f\u00f6rmiddagen p\u00e5 den statliga myndigheten Svenska Institutet d\u00e4r jag tr\u00e4ffat hela personalen, inklusive Stf Generaldirekt\u00f6ren Anki Dahlin och varum\u00e4rkesansvarige Thomas Carlhed.<\/p>\n","protected":false},"author":2,"featured_media":0,"comment_status":"open","ping_status":"closed","sticky":false,"template":"","format":"standard","meta":[],"categories":[2],"tags":[],"_links":{"self":[{"href":"https:\/\/storytellers.se\/index.php?rest_route=\/wp\/v2\/posts\/1064"}],"collection":[{"href":"https:\/\/storytellers.se\/index.php?rest_route=\/wp\/v2\/posts"}],"about":[{"href":"https:\/\/storytellers.se\/index.php?rest_route=\/wp\/v2\/types\/post"}],"author":[{"embeddable":true,"href":"https:\/\/storytellers.se\/index.php?rest_route=\/wp\/v2\/users\/2"}],"replies":[{"embeddable":true,"href":"https:\/\/storytellers.se\/index.php?rest_route=%2Fwp%2Fv2%2Fcomments&post=1064"}],"version-history":[{"count":0,"href":"https:\/\/storytellers.se\/index.php?rest_route=\/wp\/v2\/posts\/1064\/revisions"}],"wp:attachment":[{"href":"https:\/\/storytellers.se\/index.php?rest_route=%2Fwp%2Fv2%2Fmedia&parent=1064"}],"wp:term":[{"taxonomy":"category","embeddable":true,"href":"https:\/\/storytellers.se\/index.php?rest_route=%2Fwp%2Fv2%2Fcategories&post=1064"},{"taxonomy":"post_tag","embeddable":true,"href":"https:\/\/storytellers.se\/index.php?rest_route=%2Fwp%2Fv2%2Ftags&post=1064"}],"curies":[{"name":"wp","href":"https:\/\/api.w.org\/{rel}","templated":true}]}}