{"id":1062,"date":"2006-05-05T10:12:03","date_gmt":"2006-05-05T09:12:03","guid":{"rendered":"http:\/\/heijbel.wordpress.com\/2006\/05\/05\/nyhetsbrev-16-frukost-ikea-mm"},"modified":"2006-05-05T10:12:03","modified_gmt":"2006-05-05T09:12:03","slug":"nyhetsbrev-16-frukost-ikea-mm","status":"publish","type":"post","link":"https:\/\/storytellers.se\/?p=1062","title":{"rendered":"Nyhetsbrev 16: Frukost, IKEA, mm"},"content":{"rendered":"<p>Nu har ett nytt nyhetsbrev g\u00e5tt ut till n\u00e4stan 800 prenumeranter. Det \u00e4r f\u00f6rst\u00e5s kostadsfritt att h\u00e4nga med i storytellingtrenden och du kan anm\u00e4la dig till s\u00e4ndlistan i h\u00f6gerkanten en bit ned p\u00e5 \u00f6ppningssidan p\u00e5 storytellers.se<br \/>\nDet aktuella nyhetsbrevet kan du l\u00e4sa h\u00e4r:<\/p>\n<p><!--more--><br \/>\nNyhetsbrev 16<br \/>\nHej v\u00e4n av Corporate Storytelling. H\u00e4r kommer ett nytt Nyhetsbrev. F\u00f6rutom att jag bjuder in till Storyfrukost handlar nyhetsbrevet den h\u00e4r g\u00e5ngen bland annat om IKEAs internationella storsatsning p\u00e5 Corporate Storytelling, den f\u00f6rsta riktiga utbildningen i \u00e4mnet p\u00e5 Stockholms Universitet, den f\u00f6rsta s\u00e5 kallade<br \/>\nKY-utbildningen inom \u00e4mnet och ett kommande seminar\u00edum som jag h\u00e5ller p\u00e5 Svenska Institutet.<br \/>\n++++++++++++++++++++++++++++++++++<br \/>\nDen f\u00f6rsta torsdagen i juni klockan 08.00 h\u00e5ller jag ett kort frukostseminarium p\u00e5 Hornsgatan 52 vid Mariatorget p\u00e5 S\u00f6der i Stockholm. L\u00e4s mer p\u00e5  www.storytellers.se om hur du anm\u00e4ler ditt intresse.<br \/>\n++++++++++++++++++++++++++++++++++<br \/>\nD\u00e4r kan du ocks\u00e5 l\u00e4sa om en gigantisk satsning p\u00e5 Corporate Storytelling som IKEA h\u00e5ller p\u00e5 med sen n\u00e5got \u00e5r tillbaka. Jag \u00e4r glad att s\u00e4ga att deras satsning \u00e4r helt i linje med mitt s\u00e4tt att se och anv\u00e4nda Corporate Storytelling.<br \/>\nHelt r\u00e4tt s\u00e5 att man inte slarvar bort begreppet storytelling i allehanda sagor och reportage utan samlar i stort sett oregisserat direkt fr\u00e5n verkligheten.<br \/>\nIKEA-stories samlas \u00f6ver hela v\u00e4rlden och beskriver h\u00e4ndelser som med tydliga po\u00e4nger visar kulturen och v\u00e4rderingarna inom IKEA. Man g\u00e5r allts\u00e5 till verkligheten och sk\u00f6rdar. Den h\u00e4r g\u00e5ngen \u00e4r man ute med kamera bland de 90.000 medarbetarna. Det \u00e4r allts\u00e5 inte prim\u00e4rt de vanliga Kampradber\u00e4ttelserna det handlar om den h\u00e4r g\u00e5ngen.<br \/>\n++++++++++++++++++++++++++++++++++<br \/>\nI h\u00f6st ska jag h\u00e5lla en akademisk utbildning inom ramen f\u00f6r Spr\u00e5kkonsultlinjen p\u00e5 institutionen f\u00f6r Nordiska spr\u00e5k vid Stockholms universitet. Det \u00e4r<br \/>\nstundenterna sj\u00e4lv som valt att spetsa sista terminen p\u00e5 sin l\u00e5nga utbildning med just Corporate Storytelling. Jag l\u00e4gger upp den, genomf\u00f6r den och examinerar<br \/>\ndem.<br \/>\n++++++++++++++++++++++++++++++++++<br \/>\nI V\u00e4xj\u00f6 kommer fr\u00e5n h\u00f6sten en tre terminers s\u00e5 kallad KY-utbildning inom storytelling och dramaturgi. Jag medverkar d\u00e4r ocks\u00e5 och det finns mer att l\u00e4sa om den p\u00e5 storytellers.se. Sista ans\u00f6kningsdag \u00e4r 15 maj 2006.<br \/>\n++++++++++++++++++++++++++++++++++<br \/>\nTill sist kan jag inte l\u00e5ta bli att dra en Kamprad:<br \/>\nEn arbetskamrat till kamparad kom f\u00f6r m\u00e5nga \u00e5r sen in i en livsmedelsbutik i Sm\u00e5land. D\u00e4r fick han syn p\u00e5 Ingvar, eller snarare en del av Ingvar.<br \/>\nKamprad stod n\u00e4mligen dubbelvikt med \u00f6verkroppen nere i en kyl fylld med frusna k\u00f6ttbitar. Han letade nere i botten d\u00e4r han visste att man kunde fynda.<br \/>\nDe h\u00e4lsade p\u00e5 varandra och Ingvar visade upp en djupfryst anka f\u00f6r sin medarbetare:<br \/>\n\u02c6 Se du, sa Ingvar. Ser du vad det \u00e4r?<br \/>\n\u02c6 Ja det \u00e4r en djupfryst anka, sa medarbetaren.<br \/>\nIngvar gnuggade bort lite frost fr\u00e5n den r\u00f6da prislappen och sa:<br \/>\n\u02c6 Ser du vad det st\u00e5r?<br \/>\n\u02c6 Ja det st\u00e5r att det \u00e4r en anka och vad den kostar.<br \/>\n\u02c6 Ja men var kommer den ifr\u00e5n? fr\u00e5gade Ingvar.<br \/>\n\u02c6 Fr\u00e5n Rum\u00e4nien.<br \/>\n\u02c6 Just det, sa Ingvar.<br \/>\nHan stannade upp en stund och fortsatte sen:<br \/>\n\u02c6 Vad tror du att de g\u00f6r med fj\u00e4drarna och dunet n\u00e4r de plockat den?<br \/>\n\u02c6 Inte vet jag, svarade medarbetaren.<br \/>\n\u02c6 Nej inte jag heller, men jag ger mig sjutton p\u00e5 att de kastar det. De plockar ankan och kastar dunet.<br \/>\n\u02c6 Och?<br \/>\n\u02c6 Det dunet kan vi anv\u00e4nda och fylla i IKEA-p\u00e5slakan, sa Ingvar. Vi kan bygga en fabrik i Rum\u00e4nien och anv\u00e4nda allt deras dun.<br \/>\nOch s\u00e5 blev det. Det \u00e4r m\u00e5nga av oss som har k\u00f6pt IKEAs dunt\u00e4cken och kuddar. M\u00e5nga av dem \u00e4r fyllda med \u00f6steuropeiskt dun.<br \/>\nId\u00e9n kom i livsmedelsbutiken i Sm\u00e5land, Sveriges Skottland, en g\u00e5ng f\u00f6r l\u00e4nge sen.<br \/>\n++++++++++++++++++++++++++++++++++<br \/>\nI n\u00e4sta vecka ska jag tr\u00e4ffa hela Svenska Institutet och ber\u00e4tta om mina id\u00e9er vad det g\u00e4ller Corporate Storytelling i arbetet med Sverigebilden. Jag tror att det beh\u00f6vs mer av Astrid Lindgrendramaturgi och mindre av SCB-prosa om man ska p\u00e5verka ber\u00e4ttandet om Sverige h\u00e4r hemma och ute i v\u00e4rlden. D\u00e5 \u00e4r Corporate Storytelling med dramatiserade bilder fr\u00e5n verkligheten en bra id\u00e9.<br \/>\n++++++++++++++++++++++++++++++++++<br \/>\nMatts Heijbel ansvarar f\u00f6r det h\u00e4r nyhetsbrevet och f\u00f6r www.storytellers.se<br \/>\nAntingen har jag jobbat hos er med Corporate Storytelling eller s\u00e5 har du sj\u00e4lv anm\u00e4lt dig som prenumerant eller s\u00e5 har du g\u00e5tt p\u00e5 n\u00e5got av mina seminarier eller p\u00e5 n\u00e5gon av mina kurser. Eller s\u00e5 k\u00e4nner du mig helt enkelt personligen.<br \/>\nVill du inte vara med s\u00e5 \u00e4r det bara att skriva nej tack till info@storytellers.se<br \/>\n4 maj 2006<\/p>\n","protected":false},"excerpt":{"rendered":"<p>Nu har ett nytt nyhetsbrev g\u00e5tt ut till n\u00e4stan 800 prenumeranter. Det \u00e4r f\u00f6rst\u00e5s kostadsfritt att h\u00e4nga med i storytellingtrenden och du kan anm\u00e4la dig till s\u00e4ndlistan i h\u00f6gerkanten en bit ned p\u00e5 \u00f6ppningssidan p\u00e5 storytellers.se Det aktuella nyhetsbrevet kan du l\u00e4sa h\u00e4r:<\/p>\n","protected":false},"author":2,"featured_media":0,"comment_status":"open","ping_status":"closed","sticky":false,"template":"","format":"standard","meta":[],"categories":[8],"tags":[],"_links":{"self":[{"href":"https:\/\/storytellers.se\/index.php?rest_route=\/wp\/v2\/posts\/1062"}],"collection":[{"href":"https:\/\/storytellers.se\/index.php?rest_route=\/wp\/v2\/posts"}],"about":[{"href":"https:\/\/storytellers.se\/index.php?rest_route=\/wp\/v2\/types\/post"}],"author":[{"embeddable":true,"href":"https:\/\/storytellers.se\/index.php?rest_route=\/wp\/v2\/users\/2"}],"replies":[{"embeddable":true,"href":"https:\/\/storytellers.se\/index.php?rest_route=%2Fwp%2Fv2%2Fcomments&post=1062"}],"version-history":[{"count":0,"href":"https:\/\/storytellers.se\/index.php?rest_route=\/wp\/v2\/posts\/1062\/revisions"}],"wp:attachment":[{"href":"https:\/\/storytellers.se\/index.php?rest_route=%2Fwp%2Fv2%2Fmedia&parent=1062"}],"wp:term":[{"taxonomy":"category","embeddable":true,"href":"https:\/\/storytellers.se\/index.php?rest_route=%2Fwp%2Fv2%2Fcategories&post=1062"},{"taxonomy":"post_tag","embeddable":true,"href":"https:\/\/storytellers.se\/index.php?rest_route=%2Fwp%2Fv2%2Ftags&post=1062"}],"curies":[{"name":"wp","href":"https:\/\/api.w.org\/{rel}","templated":true}]}}