{"id":1060,"date":"2006-05-04T17:22:12","date_gmt":"2006-05-04T16:22:12","guid":{"rendered":"http:\/\/heijbel.wordpress.com\/2006\/05\/04\/storyfrukost-pa-hornsgatan"},"modified":"2006-05-04T17:22:12","modified_gmt":"2006-05-04T16:22:12","slug":"storyfrukost-pa-hornsgatan","status":"publish","type":"post","link":"https:\/\/storytellers.se\/?p=1060","title":{"rendered":"Storyfrukost p\u00e5 Hornsgatan"},"content":{"rendered":"<p>Den f\u00f6rsta torsdagen i juni, vilket betyder 1a juni, blir det Storyfrukost p\u00e5 Hornsgatan 52 vid Mariatorget p\u00e5 S\u00f6der i Stockholm. Vi b\u00f6rjar klockan 08.00.<\/p>\n<p><!--more--><br \/>\nDet \u00e4r m\u00e5nga som vill veta om Corporate Storytelling. Hur, var och varf\u00f6r?  Vad ska man t\u00e4nka p\u00e5? Vad \u00e4r det f\u00f6r speciellt med just Corporate Storytelling till skillnad fr\u00e5n annan kommunikation?<br \/>\nJag har nu jobbat med detta under hela 2000-talet och har samlat p\u00e5 mig en hel del erfarenheter. Min kundlista har blivit riktigt l\u00e5ng.<br \/>\nJag f\u00e5r fr\u00e5gor hela tiden och har d\u00e4rf\u00f6r bokat ett konferensrum p\u00e5 Hornsgatan 52 den 1 juni 2006. D\u00e5 \u00e4r bordet dukat med kaffe, te, vatten och fralla. Jag b\u00f6rjar 08.00 och h\u00e5ller p\u00e5 en timme till 09.00. Sen stannar jag kvar en halv timme till om det \u00e4r n\u00e5gon som vill fr\u00e5ga eller diskutera.<br \/>\nUtrymmet i lokalen \u00e4r begr\u00e4nsat. Du visar att du vill vara med genom att s\u00e4tta in 250 sek p\u00e5 Heijbel &amp; Co ABs konto pg 15094-6 med ditt namn, f\u00f6retag, tel och mail. Blir det fler s\u00f6kande \u00e4n det finns plats s\u00e5 f\u00f6ljer jag principen f\u00f6rst till kvarn.<br \/>\nJag meddelar mig och bekr\u00e4ftar din plats.<br \/>\nV\u00e4lkommen. Jag lovar att det blir b\u00e5de roligt, nyttigt och sp\u00e4nnande f\u00f6r den som \u00e4r \u00f6ppen och intresserad av verktyget och fenomenet Corporate Storytelling. Som \u00e4r intresserad av emotionellt ber\u00e4ttande.<br \/>\nVill du ist\u00e4llet att jag ska komma till ditt f\u00f6retag eller din organisation och h\u00e5lla en Storyfrukost s\u00e5 f\u00e5r du h\u00f6ra av dig s\u00e5 kan vi tala om saken.<\/p>\n","protected":false},"excerpt":{"rendered":"<p>Den f\u00f6rsta torsdagen i juni, vilket betyder 1a juni, blir det Storyfrukost p\u00e5 Hornsgatan 52 vid Mariatorget p\u00e5 S\u00f6der i Stockholm. Vi b\u00f6rjar klockan 08.00.<\/p>\n","protected":false},"author":2,"featured_media":0,"comment_status":"open","ping_status":"closed","sticky":false,"template":"","format":"standard","meta":[],"categories":[9],"tags":[],"_links":{"self":[{"href":"https:\/\/storytellers.se\/index.php?rest_route=\/wp\/v2\/posts\/1060"}],"collection":[{"href":"https:\/\/storytellers.se\/index.php?rest_route=\/wp\/v2\/posts"}],"about":[{"href":"https:\/\/storytellers.se\/index.php?rest_route=\/wp\/v2\/types\/post"}],"author":[{"embeddable":true,"href":"https:\/\/storytellers.se\/index.php?rest_route=\/wp\/v2\/users\/2"}],"replies":[{"embeddable":true,"href":"https:\/\/storytellers.se\/index.php?rest_route=%2Fwp%2Fv2%2Fcomments&post=1060"}],"version-history":[{"count":0,"href":"https:\/\/storytellers.se\/index.php?rest_route=\/wp\/v2\/posts\/1060\/revisions"}],"wp:attachment":[{"href":"https:\/\/storytellers.se\/index.php?rest_route=%2Fwp%2Fv2%2Fmedia&parent=1060"}],"wp:term":[{"taxonomy":"category","embeddable":true,"href":"https:\/\/storytellers.se\/index.php?rest_route=%2Fwp%2Fv2%2Fcategories&post=1060"},{"taxonomy":"post_tag","embeddable":true,"href":"https:\/\/storytellers.se\/index.php?rest_route=%2Fwp%2Fv2%2Ftags&post=1060"}],"curies":[{"name":"wp","href":"https:\/\/api.w.org\/{rel}","templated":true}]}}