{"id":1058,"date":"2006-05-03T10:43:58","date_gmt":"2006-05-03T09:43:58","guid":{"rendered":"http:\/\/heijbel.wordpress.com\/2006\/05\/03\/nu-kor-ikea"},"modified":"2006-05-03T10:43:58","modified_gmt":"2006-05-03T09:43:58","slug":"nu-kor-ikea","status":"publish","type":"post","link":"https:\/\/storytellers.se\/?p=1058","title":{"rendered":"Nu k\u00f6r IKEA"},"content":{"rendered":"<p>Nu har IKEA, genom IKEA Systems B.V., p\u00e5 allvar systematiskt tagit tag i sina Corporate Stories. Under arbetsnamnet IKEA Stories har man under f\u00f6rra \u00e5ret brett och ambiti\u00f6st, p\u00e5 IKEA-vis, genom hundratals intervjuer samlat in ber\u00e4ttelser fr\u00e5n hela v\u00e4rlden. Och d\u00e5 handlar det inte i f\u00f6rsta hand om Kampradstories utan om andra r\u00f6ster i dagens IKEA.<\/p>\n<p><!--more--><br \/>\nTillsammans med Scandvision 110 Corporate Film har IKEA Systems B. V. under 2005 efter noggranna filmtekniska f\u00f6rberedelser dokumenterat ber\u00e4ttelser fr\u00e5n traditionsb\u00e4rare r\u00e4tt av. De forts\u00e4tter under 2006.<br \/>\nDet handlar om att medarbetarna f\u00e5r dela med sig av m\u00f6jligheter de sett och erfarenheter de f\u00e5tt som tillsammans har byggt IKEA-konceptet. Ber\u00e4ttelserna sk\u00f6rdas allts\u00e5 direkt fr\u00e5n dagens organisation. Det \u00e4r med andra ord snarare en fr\u00e5ga om historier \u00e4n om historia.<br \/>\nDet yttersta m\u00e5let med projektet \u00e4r att f\u00f6rs\u00f6ka bibeh\u00e5lla och st\u00e4rka den framg\u00e5ngsrika IKEA-kulturen som \u00e4r en f\u00f6ruts\u00e4ttning f\u00f6r en fortsatt succ\u00e9 f\u00f6r IKEA-konceptet.<br \/>\nIKEA-ber\u00e4ttelserna publiceras i trycksaker, DVDer och i ett digitalt bibliotek med bland annat r\u00f6rliga bilder som \u00e4r tillg\u00e4ngligt f\u00f6r medarbetarna via det interna n\u00e4tet.<br \/>\nMan hoppas att detta skall inspirera och stimulera till l\u00e4rande och diskussioner inom IKEA-sf\u00e4ren. Ber\u00e4ttelserna anv\u00e4nds sen i l\u00e4randeprogram, presentationer, introduktioner av nyanst\u00e4llda och olika interna tidningar.<br \/>\nVerkligheten f\u00e5r oregisserad tala f\u00f6r sig sj\u00e4lv r\u00e4tt in i kameran. Man \u00e4r inte ute efter \u00e5sikter och personliga v\u00e4rderingar fr\u00e5n den enskilda medarbetaren utan man letar efter exempel och h\u00e4ndelser fr\u00e5n verkligheten som visar p\u00e5 typisk IKEA-kultur och IKEA-v\u00e4rderingar.<br \/>\nAllts\u00e5 sanna vittnesm\u00e5l fr\u00e5n IKEA-verkligheten om IKEA-verkligheten. Just det angreppss\u00e4ttet som den h\u00e4r webbplatsen hela tiden har f\u00f6rsvarat som den enda riktigt framkomliga om man ska satsa p\u00e5 Corporate Storytelling. Verkligheten duger. Man beh\u00f6ver inte fabulera och hitta p\u00e5.<br \/>\nProjektet \u00e4r sp\u00e4nnande och gl\u00e4djande och det st\u00f6rsta och utan tvekan det mest ambiti\u00f6sa jag sett internationellt p\u00e5 omr\u00e5det Corporate Storytelling.<br \/>\nDe jobbar allts\u00e5 i stort sett s\u00e5 som jag sj\u00e4lv har gjort i rader av uppdrag kring Corporate Storytelling och jag hoppas att fler f\u00f6retag kommer att uppt\u00e4cka den kunskap och den erfarenhet som p\u00e5 det h\u00e4r s\u00e4ttet finns lagrad hos medarbetarna och som b\u00e4st uttrycks och sk\u00f6rdas genom deras ber\u00e4ttelser.<\/p>\n","protected":false},"excerpt":{"rendered":"<p>Nu har IKEA, genom IKEA Systems B.V., p\u00e5 allvar systematiskt tagit tag i sina Corporate Stories. Under arbetsnamnet IKEA Stories har man under f\u00f6rra \u00e5ret brett och ambiti\u00f6st, p\u00e5 IKEA-vis, genom hundratals intervjuer samlat in ber\u00e4ttelser fr\u00e5n hela v\u00e4rlden. Och d\u00e5 handlar det inte i f\u00f6rsta hand om Kampradstories utan om andra r\u00f6ster i dagens&#8230;<\/p>\n","protected":false},"author":2,"featured_media":0,"comment_status":"open","ping_status":"closed","sticky":false,"template":"","format":"standard","meta":[],"categories":[2],"tags":[],"_links":{"self":[{"href":"https:\/\/storytellers.se\/index.php?rest_route=\/wp\/v2\/posts\/1058"}],"collection":[{"href":"https:\/\/storytellers.se\/index.php?rest_route=\/wp\/v2\/posts"}],"about":[{"href":"https:\/\/storytellers.se\/index.php?rest_route=\/wp\/v2\/types\/post"}],"author":[{"embeddable":true,"href":"https:\/\/storytellers.se\/index.php?rest_route=\/wp\/v2\/users\/2"}],"replies":[{"embeddable":true,"href":"https:\/\/storytellers.se\/index.php?rest_route=%2Fwp%2Fv2%2Fcomments&post=1058"}],"version-history":[{"count":0,"href":"https:\/\/storytellers.se\/index.php?rest_route=\/wp\/v2\/posts\/1058\/revisions"}],"wp:attachment":[{"href":"https:\/\/storytellers.se\/index.php?rest_route=%2Fwp%2Fv2%2Fmedia&parent=1058"}],"wp:term":[{"taxonomy":"category","embeddable":true,"href":"https:\/\/storytellers.se\/index.php?rest_route=%2Fwp%2Fv2%2Fcategories&post=1058"},{"taxonomy":"post_tag","embeddable":true,"href":"https:\/\/storytellers.se\/index.php?rest_route=%2Fwp%2Fv2%2Ftags&post=1058"}],"curies":[{"name":"wp","href":"https:\/\/api.w.org\/{rel}","templated":true}]}}