{"id":1056,"date":"2006-04-28T15:02:31","date_gmt":"2006-04-28T14:02:31","guid":{"rendered":"http:\/\/heijbel.wordpress.com\/2006\/04\/28\/pa-stockholms-universitet"},"modified":"2006-04-28T15:02:31","modified_gmt":"2006-04-28T14:02:31","slug":"pa-stockholms-universitet","status":"publish","type":"post","link":"https:\/\/storytellers.se\/?p=1056","title":{"rendered":"P\u00e5 Stockholms Universitet"},"content":{"rendered":"<p>Matts Heijbel har f\u00e5tt uppdraget att planera, l\u00e4gga upp, genomf\u00f6ra och examinera den f\u00f6rsta kursen i Corporate Storytelling n\u00e5gonsin vid Stockholms Universitet. Beslutet \u00e4r just fattat och storytellerkursen genomf\u00f6rs som en del av spr\u00e5kkonsultutbildningen, den s k Spr\u00e5kkonsultlinjen, vid Institutionen f\u00f6r Nordiska Spr\u00e5k. Kursen blir i okt 2006.<\/p>\n","protected":false},"excerpt":{"rendered":"<p>Matts Heijbel har f\u00e5tt uppdraget att planera, l\u00e4gga upp, genomf\u00f6ra och examinera den f\u00f6rsta kursen i Corporate Storytelling n\u00e5gonsin vid Stockholms Universitet. Beslutet \u00e4r just fattat och storytellerkursen genomf\u00f6rs som en del av spr\u00e5kkonsultutbildningen, den s k Spr\u00e5kkonsultlinjen, vid Institutionen f\u00f6r Nordiska Spr\u00e5k. Kursen blir i okt 2006.<\/p>\n","protected":false},"author":2,"featured_media":0,"comment_status":"open","ping_status":"closed","sticky":false,"template":"","format":"standard","meta":[],"categories":[2],"tags":[],"_links":{"self":[{"href":"https:\/\/storytellers.se\/index.php?rest_route=\/wp\/v2\/posts\/1056"}],"collection":[{"href":"https:\/\/storytellers.se\/index.php?rest_route=\/wp\/v2\/posts"}],"about":[{"href":"https:\/\/storytellers.se\/index.php?rest_route=\/wp\/v2\/types\/post"}],"author":[{"embeddable":true,"href":"https:\/\/storytellers.se\/index.php?rest_route=\/wp\/v2\/users\/2"}],"replies":[{"embeddable":true,"href":"https:\/\/storytellers.se\/index.php?rest_route=%2Fwp%2Fv2%2Fcomments&post=1056"}],"version-history":[{"count":0,"href":"https:\/\/storytellers.se\/index.php?rest_route=\/wp\/v2\/posts\/1056\/revisions"}],"wp:attachment":[{"href":"https:\/\/storytellers.se\/index.php?rest_route=%2Fwp%2Fv2%2Fmedia&parent=1056"}],"wp:term":[{"taxonomy":"category","embeddable":true,"href":"https:\/\/storytellers.se\/index.php?rest_route=%2Fwp%2Fv2%2Fcategories&post=1056"},{"taxonomy":"post_tag","embeddable":true,"href":"https:\/\/storytellers.se\/index.php?rest_route=%2Fwp%2Fv2%2Ftags&post=1056"}],"curies":[{"name":"wp","href":"https:\/\/api.w.org\/{rel}","templated":true}]}}