{"id":1038,"date":"2006-04-06T14:25:56","date_gmt":"2006-04-06T13:25:56","guid":{"rendered":"http:\/\/heijbel.wordpress.com\/2006\/04\/06\/svend-erik-engh-till-washington-dc"},"modified":"2006-04-06T14:25:56","modified_gmt":"2006-04-06T13:25:56","slug":"svend-erik-engh-till-washington-dc","status":"publish","type":"post","link":"https:\/\/storytellers.se\/?p=1038","title":{"rendered":"Svend-Erik Engh till Washington DC"},"content":{"rendered":"<p>Svend-Erik Engh \u00e4r en av de mest k\u00e4nda och erfarna ber\u00e4ttarna i Danmark. Jag har sj\u00e4lv vid n\u00e5gra tillf\u00e4llen deltagit i samma seminarier som Svend-Erik. Om n\u00e5gra veckor ska han vara med som skandinavisk representant i en Storytelling-Weekend i USA.<\/p>\n<p><!--more--><br \/>\nDansk-norske Svend-Erik <a href=\"http:\/\/www.historier.dk\">http:\/\/historier.dk<\/a>, som kommer fr\u00e5n underh\u00e5llningsdelen i ber\u00e4ttarr\u00f6relsen, har p\u00e5 senare \u00e5r n\u00e4rmat sig f\u00f6retag och organisationer. I en intervju som Steve Denning <a href=\"http:\/\/rs6.net\/tn.jsp?t=7ivblubab.0.o8yblubab.qercxyn6.403&amp;p=http%3A%2F%2Fwww.stevedenning.com%2Fslides%2FInterviewSvendErikEngh.pdf\">http:\/\/rs6.net\/tn.jsp?t=7ivblubab.0.o8yblubab.qercxyn6.403&amp;p=http%3A%2F%2Fwww.stevedenning.com%2Fslides%2FInterviewSvendErikEngh.pdf<\/a> g\u00f6r med honom inf\u00f6r USA-resan ber\u00e4ttar Svend-Erik om sina erfarenheter i att n\u00e4rma sig f\u00f6retag och organisationer.<br \/>\nSvend-Erik varnar bland annat f\u00f6r att storytelling i organisationer kan fara i v\u00e4g i en upplevelse f\u00f6r stunden och att det hela sen stannar av. Man har en underbar upplevelse tillsammans, men sen d\u00e5?<br \/>\nJag k\u00e4nner v\u00e4l igen det d\u00e4r. En gemensam upplevelse kring organisationens ber\u00e4ttelser \u00e4r inte s\u00e5 sv\u00e5rt att \u00e5stadkomma om man f\u00f6rst\u00e5tt sig p\u00e5 ber\u00e4ttelser. Men att sen rita upp strategin f\u00f6r vilket jobb ber\u00e4ttelserna d\u00e4refter ska g\u00f6ra i organisationen \u00e4r n\u00e4sta steg i arbetet f\u00f6r att verkligen uppleva ber\u00e4ttelsens kraft i organisationer.<br \/>\nDet \u00e4r viktigt att man f\u00f6rst\u00e5r f\u00f6retagens villkor och deras tv\u00e5ng att generera vinst. Att f\u00f6rst\u00e5 varum\u00e4rkesbyggande och kommunikationsstrategi. D\u00e4ri ligger po\u00e4ngen med just Corporate Storytelling.<\/p>\n","protected":false},"excerpt":{"rendered":"<p>Svend-Erik Engh \u00e4r en av de mest k\u00e4nda och erfarna ber\u00e4ttarna i Danmark. Jag har sj\u00e4lv vid n\u00e5gra tillf\u00e4llen deltagit i samma seminarier som Svend-Erik. Om n\u00e5gra veckor ska han vara med som skandinavisk representant i en Storytelling-Weekend i USA.<\/p>\n","protected":false},"author":2,"featured_media":0,"comment_status":"open","ping_status":"closed","sticky":false,"template":"","format":"standard","meta":[],"categories":[9],"tags":[],"_links":{"self":[{"href":"https:\/\/storytellers.se\/index.php?rest_route=\/wp\/v2\/posts\/1038"}],"collection":[{"href":"https:\/\/storytellers.se\/index.php?rest_route=\/wp\/v2\/posts"}],"about":[{"href":"https:\/\/storytellers.se\/index.php?rest_route=\/wp\/v2\/types\/post"}],"author":[{"embeddable":true,"href":"https:\/\/storytellers.se\/index.php?rest_route=\/wp\/v2\/users\/2"}],"replies":[{"embeddable":true,"href":"https:\/\/storytellers.se\/index.php?rest_route=%2Fwp%2Fv2%2Fcomments&post=1038"}],"version-history":[{"count":0,"href":"https:\/\/storytellers.se\/index.php?rest_route=\/wp\/v2\/posts\/1038\/revisions"}],"wp:attachment":[{"href":"https:\/\/storytellers.se\/index.php?rest_route=%2Fwp%2Fv2%2Fmedia&parent=1038"}],"wp:term":[{"taxonomy":"category","embeddable":true,"href":"https:\/\/storytellers.se\/index.php?rest_route=%2Fwp%2Fv2%2Fcategories&post=1038"},{"taxonomy":"post_tag","embeddable":true,"href":"https:\/\/storytellers.se\/index.php?rest_route=%2Fwp%2Fv2%2Ftags&post=1038"}],"curies":[{"name":"wp","href":"https:\/\/api.w.org\/{rel}","templated":true}]}}