{"id":1036,"date":"2006-04-04T17:20:03","date_gmt":"2006-04-04T16:20:03","guid":{"rendered":"http:\/\/heijbel.wordpress.com\/2006\/04\/04\/konferens-med-corporate-storytelling"},"modified":"2006-04-04T17:20:03","modified_gmt":"2006-04-04T16:20:03","slug":"konferens-med-corporate-storytelling","status":"publish","type":"post","link":"https:\/\/storytellers.se\/?p=1036","title":{"rendered":"Konferens med Corporate Storytelling"},"content":{"rendered":"<p>Corporate Storytelling \u2013 verksamhetsf\u00f6rankrad och kostnadseffektiv branding f\u00f6r dig som arbetar med information, HR och marknad. S\u00e5 heter en konferens som h\u00e5lls i Stockholm 27e och halva 28e april. Matts Heijbel \u00e4r moderator b\u00e5da dagarna och han h\u00e5ller ocks\u00e5 den inledande f\u00f6rel\u00e4sningen. Arrang\u00f6rer \u00e4r IQPC och det finns platser kvar.<br \/>\n<a href=\"http:\/\/www.iqpc.se\/cgi-bin\/templates\/genevent.html?topic=503&amp;event=9569&amp;\">http:\/\/iqpc.se\/cgi-bin\/templates\/genevent.html?topic=503&amp;event=9569&amp;<\/a><\/p>\n","protected":false},"excerpt":{"rendered":"<p>Corporate Storytelling \u2013 verksamhetsf\u00f6rankrad och kostnadseffektiv branding f\u00f6r dig som arbetar med information, HR och marknad. S\u00e5 heter en konferens som h\u00e5lls i Stockholm 27e och halva 28e april. Matts Heijbel \u00e4r moderator b\u00e5da dagarna och han h\u00e5ller ocks\u00e5 den inledande f\u00f6rel\u00e4sningen. Arrang\u00f6rer \u00e4r IQPC och det finns platser kvar. http:\/\/iqpc.se\/cgi-bin\/templates\/genevent.html?topic=503&amp;event=9569&amp;<\/p>\n","protected":false},"author":2,"featured_media":0,"comment_status":"open","ping_status":"closed","sticky":false,"template":"","format":"standard","meta":[],"categories":[9],"tags":[],"_links":{"self":[{"href":"https:\/\/storytellers.se\/index.php?rest_route=\/wp\/v2\/posts\/1036"}],"collection":[{"href":"https:\/\/storytellers.se\/index.php?rest_route=\/wp\/v2\/posts"}],"about":[{"href":"https:\/\/storytellers.se\/index.php?rest_route=\/wp\/v2\/types\/post"}],"author":[{"embeddable":true,"href":"https:\/\/storytellers.se\/index.php?rest_route=\/wp\/v2\/users\/2"}],"replies":[{"embeddable":true,"href":"https:\/\/storytellers.se\/index.php?rest_route=%2Fwp%2Fv2%2Fcomments&post=1036"}],"version-history":[{"count":0,"href":"https:\/\/storytellers.se\/index.php?rest_route=\/wp\/v2\/posts\/1036\/revisions"}],"wp:attachment":[{"href":"https:\/\/storytellers.se\/index.php?rest_route=%2Fwp%2Fv2%2Fmedia&parent=1036"}],"wp:term":[{"taxonomy":"category","embeddable":true,"href":"https:\/\/storytellers.se\/index.php?rest_route=%2Fwp%2Fv2%2Fcategories&post=1036"},{"taxonomy":"post_tag","embeddable":true,"href":"https:\/\/storytellers.se\/index.php?rest_route=%2Fwp%2Fv2%2Ftags&post=1036"}],"curies":[{"name":"wp","href":"https:\/\/api.w.org\/{rel}","templated":true}]}}