{"id":1028,"date":"2006-03-27T11:22:26","date_gmt":"2006-03-27T10:22:26","guid":{"rendered":"http:\/\/heijbel.wordpress.com\/2006\/03\/27\/sis-provar-corporate-storytelling"},"modified":"2006-03-27T11:22:26","modified_gmt":"2006-03-27T10:22:26","slug":"sis-provar-corporate-storytelling","status":"publish","type":"post","link":"https:\/\/storytellers.se\/?p=1028","title":{"rendered":"SIS provar Corporate Storytelling"},"content":{"rendered":"<p>Den 6 april kommer Matts Heijbel att medverka p\u00e5 en kursg\u00e5rd inf\u00f6r ett verksamhetsomr\u00e5de inom SIS, Swedish Standards Institute. Verksamhetsomr\u00e5det vill titta n\u00e4rmare p\u00e5 Corporate Storytelling och se om, och i s\u00e5 fall hur, metoden skulle kunna vara ett anv\u00e4ndbart verktyg n\u00e4r det g\u00e4ller att synligg\u00f6ra den aktuella SIS-verksamheten.<\/p>\n","protected":false},"excerpt":{"rendered":"<p>Den 6 april kommer Matts Heijbel att medverka p\u00e5 en kursg\u00e5rd inf\u00f6r ett verksamhetsomr\u00e5de inom SIS, Swedish Standards Institute. Verksamhetsomr\u00e5det vill titta n\u00e4rmare p\u00e5 Corporate Storytelling och se om, och i s\u00e5 fall hur, metoden skulle kunna vara ett anv\u00e4ndbart verktyg n\u00e4r det g\u00e4ller att synligg\u00f6ra den aktuella SIS-verksamheten.<\/p>\n","protected":false},"author":2,"featured_media":0,"comment_status":"open","ping_status":"closed","sticky":false,"template":"","format":"standard","meta":[],"categories":[9],"tags":[],"_links":{"self":[{"href":"https:\/\/storytellers.se\/index.php?rest_route=\/wp\/v2\/posts\/1028"}],"collection":[{"href":"https:\/\/storytellers.se\/index.php?rest_route=\/wp\/v2\/posts"}],"about":[{"href":"https:\/\/storytellers.se\/index.php?rest_route=\/wp\/v2\/types\/post"}],"author":[{"embeddable":true,"href":"https:\/\/storytellers.se\/index.php?rest_route=\/wp\/v2\/users\/2"}],"replies":[{"embeddable":true,"href":"https:\/\/storytellers.se\/index.php?rest_route=%2Fwp%2Fv2%2Fcomments&post=1028"}],"version-history":[{"count":0,"href":"https:\/\/storytellers.se\/index.php?rest_route=\/wp\/v2\/posts\/1028\/revisions"}],"wp:attachment":[{"href":"https:\/\/storytellers.se\/index.php?rest_route=%2Fwp%2Fv2%2Fmedia&parent=1028"}],"wp:term":[{"taxonomy":"category","embeddable":true,"href":"https:\/\/storytellers.se\/index.php?rest_route=%2Fwp%2Fv2%2Fcategories&post=1028"},{"taxonomy":"post_tag","embeddable":true,"href":"https:\/\/storytellers.se\/index.php?rest_route=%2Fwp%2Fv2%2Ftags&post=1028"}],"curies":[{"name":"wp","href":"https:\/\/api.w.org\/{rel}","templated":true}]}}