{"id":1022,"date":"2006-03-22T09:38:39","date_gmt":"2006-03-22T08:38:39","guid":{"rendered":"http:\/\/heijbel.wordpress.com\/2006\/03\/22\/svenska-institutet"},"modified":"2006-03-22T09:38:39","modified_gmt":"2006-03-22T08:38:39","slug":"svenska-institutet","status":"publish","type":"post","link":"https:\/\/storytellers.se\/?p=1022","title":{"rendered":"Svenska Institutet"},"content":{"rendered":"<p>Den nionde maj ska Matts Heijbel tala p\u00e5 Svenska Institutet om: Storytelling &#8211; att f\u00f6rmedla budskap och v\u00e4rderingar med k\u00e4nsla. Temat ing\u00e5r som en del av Svenska Institutets kompetenssatsning under v\u00e5ren. Svenska Institutet <a href=\"http:\/\/www.si.se\">http:\/\/si.se<\/a> arbetar bland annat med Sverigebilden och brandingen av Sverige <a href=\"http:\/\/www.si.se\/templates\/CommonPage____1742.aspx\">http:\/\/si.se<\/a>.<\/p>\n","protected":false},"excerpt":{"rendered":"<p>Den nionde maj ska Matts Heijbel tala p\u00e5 Svenska Institutet om: Storytelling &#8211; att f\u00f6rmedla budskap och v\u00e4rderingar med k\u00e4nsla. Temat ing\u00e5r som en del av Svenska Institutets kompetenssatsning under v\u00e5ren. Svenska Institutet http:\/\/si.se arbetar bland annat med Sverigebilden och brandingen av Sverige http:\/\/si.se.<\/p>\n","protected":false},"author":2,"featured_media":0,"comment_status":"open","ping_status":"closed","sticky":false,"template":"","format":"standard","meta":[],"categories":[9],"tags":[],"_links":{"self":[{"href":"https:\/\/storytellers.se\/index.php?rest_route=\/wp\/v2\/posts\/1022"}],"collection":[{"href":"https:\/\/storytellers.se\/index.php?rest_route=\/wp\/v2\/posts"}],"about":[{"href":"https:\/\/storytellers.se\/index.php?rest_route=\/wp\/v2\/types\/post"}],"author":[{"embeddable":true,"href":"https:\/\/storytellers.se\/index.php?rest_route=\/wp\/v2\/users\/2"}],"replies":[{"embeddable":true,"href":"https:\/\/storytellers.se\/index.php?rest_route=%2Fwp%2Fv2%2Fcomments&post=1022"}],"version-history":[{"count":0,"href":"https:\/\/storytellers.se\/index.php?rest_route=\/wp\/v2\/posts\/1022\/revisions"}],"wp:attachment":[{"href":"https:\/\/storytellers.se\/index.php?rest_route=%2Fwp%2Fv2%2Fmedia&parent=1022"}],"wp:term":[{"taxonomy":"category","embeddable":true,"href":"https:\/\/storytellers.se\/index.php?rest_route=%2Fwp%2Fv2%2Fcategories&post=1022"},{"taxonomy":"post_tag","embeddable":true,"href":"https:\/\/storytellers.se\/index.php?rest_route=%2Fwp%2Fv2%2Ftags&post=1022"}],"curies":[{"name":"wp","href":"https:\/\/api.w.org\/{rel}","templated":true}]}}