{"id":1012,"date":"2006-03-09T15:16:14","date_gmt":"2006-03-09T14:16:14","guid":{"rendered":"http:\/\/heijbel.wordpress.com\/2006\/03\/09\/artikel-av-asa-lempert"},"modified":"2006-03-09T15:16:14","modified_gmt":"2006-03-09T14:16:14","slug":"artikel-av-asa-lempert","status":"publish","type":"post","link":"https:\/\/storytellers.se\/?p=1012","title":{"rendered":"Artikel av \u00c5sa Lempert"},"content":{"rendered":"<p>H\u00e4r kan du l\u00e4sa texten om Corporate Storytelling som publicerades i Event &amp; Expo 1\/2006. L\u00e4nken presenteras med godk\u00e4nnande av tidningen och skribenten \u00c5sa Lempert. Leta upp tidningen i v\u00e4nsterkanten p\u00e5 Event &amp; Expos hemsida och klicka dig vidare in i publiceringsprogrammet. Artikeln finns p\u00e5 sidorna 19-23.<br \/>\n<a href=\"http:\/\/www.eventexpo.se\">http:\/\/eventexpo.se<\/a><\/p>\n","protected":false},"excerpt":{"rendered":"<p>H\u00e4r kan du l\u00e4sa texten om Corporate Storytelling som publicerades i Event &amp; Expo 1\/2006. L\u00e4nken presenteras med godk\u00e4nnande av tidningen och skribenten \u00c5sa Lempert. Leta upp tidningen i v\u00e4nsterkanten p\u00e5 Event &amp; Expos hemsida och klicka dig vidare in i publiceringsprogrammet. Artikeln finns p\u00e5 sidorna 19-23. http:\/\/eventexpo.se<\/p>\n","protected":false},"author":2,"featured_media":0,"comment_status":"open","ping_status":"closed","sticky":false,"template":"","format":"standard","meta":[],"categories":[3],"tags":[],"_links":{"self":[{"href":"https:\/\/storytellers.se\/index.php?rest_route=\/wp\/v2\/posts\/1012"}],"collection":[{"href":"https:\/\/storytellers.se\/index.php?rest_route=\/wp\/v2\/posts"}],"about":[{"href":"https:\/\/storytellers.se\/index.php?rest_route=\/wp\/v2\/types\/post"}],"author":[{"embeddable":true,"href":"https:\/\/storytellers.se\/index.php?rest_route=\/wp\/v2\/users\/2"}],"replies":[{"embeddable":true,"href":"https:\/\/storytellers.se\/index.php?rest_route=%2Fwp%2Fv2%2Fcomments&post=1012"}],"version-history":[{"count":0,"href":"https:\/\/storytellers.se\/index.php?rest_route=\/wp\/v2\/posts\/1012\/revisions"}],"wp:attachment":[{"href":"https:\/\/storytellers.se\/index.php?rest_route=%2Fwp%2Fv2%2Fmedia&parent=1012"}],"wp:term":[{"taxonomy":"category","embeddable":true,"href":"https:\/\/storytellers.se\/index.php?rest_route=%2Fwp%2Fv2%2Fcategories&post=1012"},{"taxonomy":"post_tag","embeddable":true,"href":"https:\/\/storytellers.se\/index.php?rest_route=%2Fwp%2Fv2%2Ftags&post=1012"}],"curies":[{"name":"wp","href":"https:\/\/api.w.org\/{rel}","templated":true}]}}