{"id":1006,"date":"2006-03-07T14:29:03","date_gmt":"2006-03-07T13:29:03","guid":{"rendered":"http:\/\/heijbel.wordpress.com\/2006\/03\/07\/framtidsstories"},"modified":"2006-03-07T14:29:03","modified_gmt":"2006-03-07T13:29:03","slug":"framtidsstories","status":"publish","type":"post","link":"https:\/\/storytellers.se\/?p=1006","title":{"rendered":"Framtidsstories"},"content":{"rendered":"<p>Ber\u00e4ttelser om framtiden \u00e4r f\u00f6rst\u00e5s sv\u00e5rare att forma \u00e4n de ber\u00e4ttelser som skildrar det som \u00e4r uppenbart redan idag. Framtidsber\u00e4ttelser vill ju inteckna en tid som \u00e4nnu inte har kommit. \u00c4nd\u00e5 \u00e4r framtidsber\u00e4ttelserna p\u00e5 m\u00e5nga s\u00e4tt bland de mest sp\u00e4nnande och anv\u00e4ndbara f\u00f6r en ledare i en organisation.<\/p>\n<p><!--more--><br \/>\nI tabell- och sifferv\u00e4rlden ritar vi redan idag diagram och drar f\u00f6rl\u00e4ngningar av kurvor och spalter f\u00f6r att hoppas se in i framtiden. Vi abstraherar, precis som i all annan sifferexercis, verkligheten och v\u00e4cker d\u00e4rmed tankar om en t\u00e4nkbar framtid.<br \/>\nF\u00f6r den som inte \u00e4r siffer- och diagramdyslektiker kan det kanske fungera f\u00f6r att starta tankarna om framtiden.<br \/>\nMen om man ska ta till ber\u00e4ttarkonsten f\u00f6r att se in i framtiden och f\u00f6r att tala om morgondagens m\u00f6jligheter och risker handlar det snarare om att v\u00e4cka vision\u00e4ra bilder i lyssnarens sinnen.<br \/>\nVi m\u00e5lar d\u00e5 g\u00e4rna i starka f\u00e4ger med en stor pensel. Utan f\u00f6r m\u00e5nga siffor och detaljer v\u00e4cker vi associationer och \u00f6verl\u00e5ter \u00e5t lyssnarna eller l\u00e4sarna bland v\u00e5ra medarbetare och kunder att sj\u00e4lva kl\u00e4 tankarna och bilderna i en egen associationsv\u00e4rld.<br \/>\nHur g\u00e4rna vi \u00e4n vill tro n\u00e5got annat s\u00e5 \u00e4r framtiden f\u00f6rst\u00e5s n\u00e4stan om\u00f6jlig att f\u00f6rutse och m\u00e5nga av oss trivs b\u00e4st i nuet. Man kan allts\u00e5 inte lita p\u00e5 att en framtidsber\u00e4ttelse p\u00e5 ett enkelt s\u00e4tt ber\u00f6r och g\u00f6r sitt jobb.<br \/>\nMen om den utg\u00e5r fr\u00e5n tecken och tidiga exempel p\u00e5 n\u00e5got nytt som vi redan ser kan vi f\u00e5 lyssnarnas hj\u00e4lp att formulera och leda oss till den framtid vi \u00f6nskar oss. P\u00e5 s\u00e5 vis kan en framtidsber\u00e4ttelse allts\u00e5 inspirera organisationen att dra \u00e5t r\u00e4tt h\u00e5ll. Vi kan bygga v\u00e5ra gemensamma dr\u00f6mmar.<br \/>\nS\u00e5 genom att dramaturgiskt m\u00e5la enkla bilder av framtiden kan vi mobilisera medarbetare och kunder och g\u00f6ra dem beredda att b\u00e5de forma, f\u00f6da och ta emot framtiden p\u00e5 b\u00e4sta s\u00e4tt n\u00e4r den kommer.<br \/>\nVad tror vi? Vad vet vi? Vad vill vi? Hur ska vi dramaturgiskt f\u00f6rpacka dessa insikter p\u00e5 b\u00e4sta s\u00e4tt s\u00e5 att vi f\u00e5r framtidbser\u00e4ttelser som kan g\u00f6ra det jobb vi \u00f6nskar av dem?<\/p>\n","protected":false},"excerpt":{"rendered":"<p>Ber\u00e4ttelser om framtiden \u00e4r f\u00f6rst\u00e5s sv\u00e5rare att forma \u00e4n de ber\u00e4ttelser som skildrar det som \u00e4r uppenbart redan idag. Framtidsber\u00e4ttelser vill ju inteckna en tid som \u00e4nnu inte har kommit. \u00c4nd\u00e5 \u00e4r framtidsber\u00e4ttelserna p\u00e5 m\u00e5nga s\u00e4tt bland de mest sp\u00e4nnande och anv\u00e4ndbara f\u00f6r en ledare i en organisation.<\/p>\n","protected":false},"author":2,"featured_media":0,"comment_status":"open","ping_status":"closed","sticky":false,"template":"","format":"standard","meta":[],"categories":[2],"tags":[],"_links":{"self":[{"href":"https:\/\/storytellers.se\/index.php?rest_route=\/wp\/v2\/posts\/1006"}],"collection":[{"href":"https:\/\/storytellers.se\/index.php?rest_route=\/wp\/v2\/posts"}],"about":[{"href":"https:\/\/storytellers.se\/index.php?rest_route=\/wp\/v2\/types\/post"}],"author":[{"embeddable":true,"href":"https:\/\/storytellers.se\/index.php?rest_route=\/wp\/v2\/users\/2"}],"replies":[{"embeddable":true,"href":"https:\/\/storytellers.se\/index.php?rest_route=%2Fwp%2Fv2%2Fcomments&post=1006"}],"version-history":[{"count":0,"href":"https:\/\/storytellers.se\/index.php?rest_route=\/wp\/v2\/posts\/1006\/revisions"}],"wp:attachment":[{"href":"https:\/\/storytellers.se\/index.php?rest_route=%2Fwp%2Fv2%2Fmedia&parent=1006"}],"wp:term":[{"taxonomy":"category","embeddable":true,"href":"https:\/\/storytellers.se\/index.php?rest_route=%2Fwp%2Fv2%2Fcategories&post=1006"},{"taxonomy":"post_tag","embeddable":true,"href":"https:\/\/storytellers.se\/index.php?rest_route=%2Fwp%2Fv2%2Ftags&post=1006"}],"curies":[{"name":"wp","href":"https:\/\/api.w.org\/{rel}","templated":true}]}}