{"id":1002,"date":"2006-03-04T14:21:11","date_gmt":"2006-03-04T13:21:11","guid":{"rendered":"http:\/\/heijbel.wordpress.com\/2006\/03\/04\/storytelling-i-praktiken-2"},"modified":"2006-03-04T14:21:11","modified_gmt":"2006-03-04T13:21:11","slug":"storytelling-i-praktiken-2","status":"publish","type":"post","link":"https:\/\/storytellers.se\/?p=1002","title":{"rendered":"Storytelling i praktiken"},"content":{"rendered":"<p>Den 21 mars drar Marknadsf\u00f6reningens kurs Storytelling i praktiken i g\u00e5ng. Den p\u00e5g\u00e5r 5 x 3 tim och sk\u00f6ts helt och h\u00e5llet av Matts Heijbel. Kursen \u00e4r till f\u00f6r dig som vill pr\u00f6va p\u00e5 att sk\u00f6rda sanna stories ur ditt f\u00f6retag eller din organisation. Kursen fick f\u00f6rra g\u00e5ngen betyget 4,8 och 5 m\u00f6jliga. Det finns platser kvar. <a href=\"http:\/\/www.mis.se\">http:\/\/mis.se<\/a><\/p>\n","protected":false},"excerpt":{"rendered":"<p>Den 21 mars drar Marknadsf\u00f6reningens kurs Storytelling i praktiken i g\u00e5ng. Den p\u00e5g\u00e5r 5 x 3 tim och sk\u00f6ts helt och h\u00e5llet av Matts Heijbel. Kursen \u00e4r till f\u00f6r dig som vill pr\u00f6va p\u00e5 att sk\u00f6rda sanna stories ur ditt f\u00f6retag eller din organisation. Kursen fick f\u00f6rra g\u00e5ngen betyget 4,8 och 5 m\u00f6jliga. Det finns&#8230;<\/p>\n","protected":false},"author":2,"featured_media":0,"comment_status":"open","ping_status":"closed","sticky":false,"template":"","format":"standard","meta":[],"categories":[9],"tags":[],"_links":{"self":[{"href":"https:\/\/storytellers.se\/index.php?rest_route=\/wp\/v2\/posts\/1002"}],"collection":[{"href":"https:\/\/storytellers.se\/index.php?rest_route=\/wp\/v2\/posts"}],"about":[{"href":"https:\/\/storytellers.se\/index.php?rest_route=\/wp\/v2\/types\/post"}],"author":[{"embeddable":true,"href":"https:\/\/storytellers.se\/index.php?rest_route=\/wp\/v2\/users\/2"}],"replies":[{"embeddable":true,"href":"https:\/\/storytellers.se\/index.php?rest_route=%2Fwp%2Fv2%2Fcomments&post=1002"}],"version-history":[{"count":0,"href":"https:\/\/storytellers.se\/index.php?rest_route=\/wp\/v2\/posts\/1002\/revisions"}],"wp:attachment":[{"href":"https:\/\/storytellers.se\/index.php?rest_route=%2Fwp%2Fv2%2Fmedia&parent=1002"}],"wp:term":[{"taxonomy":"category","embeddable":true,"href":"https:\/\/storytellers.se\/index.php?rest_route=%2Fwp%2Fv2%2Fcategories&post=1002"},{"taxonomy":"post_tag","embeddable":true,"href":"https:\/\/storytellers.se\/index.php?rest_route=%2Fwp%2Fv2%2Ftags&post=1002"}],"curies":[{"name":"wp","href":"https:\/\/api.w.org\/{rel}","templated":true}]}}